{"id":5839,"date":"2026-07-21T16:44:02","date_gmt":"2026-07-21T19:44:02","guid":{"rendered":"https:\/\/consrecife.esteri.it\/?p=5839"},"modified":"2026-09-03T10:47:03","modified_gmt":"2026-09-03T13:47:03","slug":"elezioni-dei-comites-2026","status":"publish","type":"post","link":"https:\/\/consrecife.esteri.it\/pt\/news\/dal_consolato\/2026\/07\/elezioni-dei-comites-2026\/","title":{"rendered":"Elei\u00e7\u00f5es do COMITES 2026"},"content":{"rendered":"<p>&nbsp;<\/p>\n<ul>\n<li><strong><a href=\"https:\/\/consrecife.esteri.it\/it\/news\/dal_consolato\/2026\/08\/elezioni-com-it-es-2026-predisposizione-e-presentazione-liste-elettorali\/\">Prepara\u00e7\u00e3o e apresenta\u00e7\u00e3o das listas eleitorais<\/a><\/strong><\/li>\n<li data-turn-id-container=\"4b2be174-c581-4f6c-83d2-9863f501b398\" data-is-intersecting=\"true\"><a href=\"https:\/\/consrecife.esteri.it\/pt\/news\/dal_consolato\/2026\/08\/elezioni-com-it-es-2026-modalidades-para-solicitar-a-inscricao-na-lista-eleitoral\/\"><strong>Modalidades para solicitar a inscri\u00e7\u00e3o na lista eleitoral<\/strong><\/a><\/li>\n<li data-turn-id-container=\"4b2be174-c581-4f6c-83d2-9863f501b398\" data-is-intersecting=\"true\"><a href=\"https:\/\/consrecife.esteri.it\/pt\/news\/dal_consolato\/2026\/09\/convocacao-das-eleicoes-dos-comites-3-de-setembro-de-2026\/\"><strong>Convoca\u00e7\u00e3o das elei\u00e7\u00f5es dos Com.It.Es\u00a0<\/strong><\/a><\/li>\n<\/ul>\n<p>Em 2026 acontecer\u00e3o as elei\u00e7\u00f5es para a renova\u00e7\u00e3o dos Comit\u00eas dos Italianos no Exterior (Com.It.Es).<\/p>\n<p>Os Com.It.Es. s\u00e3o \u00f3rg\u00e3os que representam os concidad\u00e3os no exterior nas rela\u00e7\u00f5es com Embaixadas e Consulados e promovem a sua integra\u00e7\u00e3o. Eles tamb\u00e9m t\u00eam a fun\u00e7\u00e3o de preservar a mem\u00f3ria hist\u00f3rica da emigra\u00e7\u00e3o italiana e valorizar a contribui\u00e7\u00e3o italiana nas sociedades onde atuam.<\/p>\n<p>Podem ser institu\u00eddos nas Circunscri\u00e7\u00f5es consulares que possuam mais de 3.000 inscritos no AIRE e s\u00e3o compostos por 12 membros nas comunidades de at\u00e9 100.000 concidad\u00e3os e por 18 membros nas comunidades que ultrapassem esse limite. Os membros dos comit\u00eas permanecem em cargo por 5 anos.<\/p>\n<p>O voto para as elei\u00e7\u00f5es ocorre por correspond\u00eancia e \u00e9 acess\u00edvel aos concidad\u00e3os que residam h\u00e1 pelo menos 6 meses na Circunscri\u00e7\u00e3o Consular de pertencimento.<\/p>\n<p style=\"text-align: justify;\">O Minist\u00e9rio das Rela\u00e7\u00f5es Exteriores e Coopera\u00e7\u00e3o Internacional refor\u00e7a a import\u00e2ncia da participa\u00e7\u00e3o no voto, momento essencial para fortalecer a representa\u00e7\u00e3o das numerosas comunidades italianas no exterior. Os Comit\u00eas s\u00e3o, de fato, um ponto de refer\u00eancia constante para os compatriotas, atuando como porta-vozes de suas necessidades e promovendo seus interesses nos territ\u00f3rios a que pertencem. Por isso, o Minist\u00e9rio das Rela\u00e7\u00f5es Exteriores convida todos os cidad\u00e3os italianos residentes no exterior a participarem ativamente desse importante momento democr\u00e1tico, contribuindo assim para apoiar e valorizar sua pr\u00f3pria comunidade italiana de refer\u00eancia.<\/p>\n<div class=\"row\">\n<div class=\"col-lg-8\">\n<article id=\"post-199100\" class=\"post-199100 post type-post status-publish format-standard has-post-thumbnail hentry category-eventi\">\n<div class=\"entry-content\">\n<p>A Farnesina convida, portanto, todos os cidad\u00e3os italianos residentes no exterior a participarem ativamente deste importante momento democr\u00e1tico, contribuindo para fortalecer e valorizar a comunidade italiana \u00e0 qual pertencem.<\/p>\n<hr \/>\n<p class=\"PDq2pG_selectionAnchorContainer\" data-start=\"0\" data-end=\"293\"><strong data-start=\"0\" data-end=\"21\">Para que se vota?<\/strong><br data-start=\"21\" data-end=\"24\" \/>Vota-se para a renova\u00e7\u00e3o dos Comit\u00eas dos Italianos no Exterior. Criados em 1985, s\u00e3o organismos representativos da comunidade italiana no exterior, eleitos diretamente pelos cidad\u00e3os italianos residentes h\u00e1 pelo menos 6 meses na Circunscri\u00e7\u00e3o Consular \u00e0 qual pertencem.<\/p>\n<p data-start=\"295\" data-end=\"582\"><strong data-start=\"295\" data-end=\"325\">O que fazem os Com.It.Es.?<\/strong><br data-start=\"325\" data-end=\"328\" \/>Representam os cidad\u00e3os italianos no exterior nas rela\u00e7\u00f5es com Embaixadas e Consulados e favorecem sua integra\u00e7\u00e3o. Tamb\u00e9m t\u00eam a fun\u00e7\u00e3o de preservar a mem\u00f3ria hist\u00f3rica da emigra\u00e7\u00e3o italiana e valorizar a contribui\u00e7\u00e3o italiana nas sociedades em que atuam.<\/p>\n<p data-start=\"584\" data-end=\"944\"><strong data-start=\"584\" data-end=\"637\">Quando s\u00e3o constitu\u00eddos e por quem s\u00e3o compostos?<\/strong><br data-start=\"637\" data-end=\"640\" \/>Os Com.It.Es. podem ser constitu\u00eddos nas Circunscri\u00e7\u00f5es Consulares que possuam mais de 3.000 inscritos no AIRE. S\u00e3o compostos por 12 membros nas comunidades com at\u00e9 100.000 cidad\u00e3os italianos e por 18 membros nas comunidades que superem esse n\u00famero. Os membros dos Comit\u00eas permanecem no cargo por 5 anos.<\/p>\n<p data-start=\"946\" data-end=\"1176\"><strong data-start=\"946\" data-end=\"994\">Quem pode votar nas elei\u00e7\u00f5es dos Com.It.Es.?<\/strong><br data-start=\"994\" data-end=\"997\" \/>Os cidad\u00e3os italianos residentes h\u00e1 pelo menos 6 meses na Circunscri\u00e7\u00e3o Consular que tenham enviado ao Consulado competente o respectivo pedido de inscri\u00e7\u00e3o na lista de eleitores.<\/p>\n<p data-start=\"1178\" data-end=\"1552\" data-is-last-node=\"\" data-is-only-node=\"\"><strong data-start=\"1178\" data-end=\"1195\">Como se vota?<\/strong><br data-start=\"1195\" data-end=\"1198\" \/>A vota\u00e7\u00e3o para as elei\u00e7\u00f5es dos Com.It.Es. ocorre por correspond\u00eancia. As c\u00e9dulas eleitorais ser\u00e3o enviadas ao endere\u00e7o de resid\u00eancia daqueles que tiverem solicitado a participa\u00e7\u00e3o no processo eleitoral. Posteriormente, dever\u00e3o ser reenviadas ao Consulado, seguindo atentamente as instru\u00e7\u00f5es contidas no folheto informativo inclu\u00eddo no envelope eleitoral.<\/p>\n<\/div>\n<\/article>\n<\/div>\n<aside id=\"secondary\" class=\"widget-area col-lg-4 ps-3 d-none d-lg-block d-xl-block affix-parent\">\n<div class=\"sidebar-wrapper affix-top side-affix\">\n<section id=\"iwy_widget_walker-2\" class=\"widget widget_iwy_widget_walker\">\n<div class=\"sidebar-linklist-wrapper side-scrool\">\n<div class=\"link-list-wrapper\"><\/div>\n<\/div>\n<\/section>\n<\/div>\n<\/aside>\n<\/div>\n<p>&nbsp;<\/p>\n<section class=\"container-fluid c-line neutral-2-bg-a1 pb-4 pt-4\">\n<div class=\"container\">\n<div class=\"row\">\n<div class=\"col-12\">\n<div class=\"it-header-block-title\"><\/div>\n<\/div>\n<\/div>\n<\/div>\n<\/section>\n","protected":false},"excerpt":{"rendered":"&nbsp; Prepara\u00e7\u00e3o e apresenta\u00e7\u00e3o das listas eleitorais Modalidades para solicitar a inscri\u00e7\u00e3o na lista eleitoral Convoca\u00e7\u00e3o das elei\u00e7\u00f5es dos Com.It.Es\u00a0 Em 2026 acontecer\u00e3o as elei\u00e7\u00f5es para a renova\u00e7\u00e3o dos Comit\u00eas dos Italianos no Exterior (Com.It.Es). Os Com.It.Es. s\u00e3o \u00f3rg\u00e3os que representam os concidad\u00e3os no exterior nas rela\u00e7\u00f5es com Embaixadas e Consulados e promovem a sua [&hellip;]","protected":false},"author":12,"featured_media":5920,"comment_status":"closed","ping_status":"closed","sticky":false,"template":"","format":"standard","meta":{"footnotes":""},"tags":[],"class_list":["post-5839","post","type-post","status-publish","format-standard","has-post-thumbnail","hentry"],"_links":{"self":[{"href":"https:\/\/consrecife.esteri.it\/pt\/wp-json\/wp\/v2\/posts\/5839","targetHints":{"allow":["GET"]}}],"collection":[{"href":"https:\/\/consrecife.esteri.it\/pt\/wp-json\/wp\/v2\/posts"}],"about":[{"href":"https:\/\/consrecife.esteri.it\/pt\/wp-json\/wp\/v2\/types\/post"}],"author":[{"embeddable":true,"href":"https:\/\/consrecife.esteri.it\/pt\/wp-json\/wp\/v2\/users\/12"}],"replies":[{"embeddable":true,"href":"https:\/\/consrecife.esteri.it\/pt\/wp-json\/wp\/v2\/comments?post=5839"}],"version-history":[{"count":7,"href":"https:\/\/consrecife.esteri.it\/pt\/wp-json\/wp\/v2\/posts\/5839\/revisions"}],"predecessor-version":[{"id":6011,"href":"https:\/\/consrecife.esteri.it\/pt\/wp-json\/wp\/v2\/posts\/5839\/revisions\/6011"}],"wp:featuredmedia":[{"embeddable":true,"href":"https:\/\/consrecife.esteri.it\/pt\/wp-json\/wp\/v2\/media\/5920"}],"wp:attachment":[{"href":"https:\/\/consrecife.esteri.it\/pt\/wp-json\/wp\/v2\/media?parent=5839"}],"wp:term":[{"taxonomy":"post_tag","embeddable":true,"href":"https:\/\/consrecife.esteri.it\/pt\/wp-json\/wp\/v2\/tags?post=5839"}],"curies":[{"name":"wp","href":"https:\/\/api.w.org\/{rel}","templated":true}]}}