{"id":5999,"date":"2026-09-03T10:34:41","date_gmt":"2026-09-03T13:34:41","guid":{"rendered":"https:\/\/consrecife.esteri.it\/?p=5999"},"modified":"2026-09-03T10:40:19","modified_gmt":"2026-09-03T13:40:19","slug":"convocacao-das-eleicoes-dos-comites-3-de-setembro-de-2026","status":"publish","type":"post","link":"https:\/\/consrecife.esteri.it\/pt\/news\/dal_consolato\/2026\/09\/convocacao-das-eleicoes-dos-comites-3-de-setembro-de-2026\/","title":{"rendered":"CONVOCA\u00c7\u00c3O DAS ELEI\u00c7\u00d5ES DOS COMITES \u2013 3 DE SETEMBRO DE 2026"},"content":{"rendered":"<p>Por meio de <a href=\"https:\/\/consrecife.esteri.it\/wp-content\/uploads\/2026\/09\/Decreto-9-2026-Indizione-elezioni-COMITES.pdf\"><strong><u>Decreto Consular n\u00ba 9\/2026<\/u><\/strong><\/a> da C\u00f4nsul da It\u00e1lia em Recife, de 3 de setembro de 2026, s\u00e3o convocadas as elei\u00e7\u00f5es para a institui\u00e7\u00e3o e renova\u00e7\u00e3o do <strong>Comit\u00ea dos Italianos no Exterior (COM.IT.ES)<\/strong> de Recife.<\/p>\n<p>A data das elei\u00e7\u00f5es \u00e9 fixada para <strong><u>4 de dezembro de 2026<\/u><\/strong>. Essa data corresponde ao \u00faltimo dia \u00fatil para entregar ao Consulado o envelope contendo a c\u00e9dula eleitoral devidamente votada.<\/p>\n<p>Para participar da vota\u00e7\u00e3o \u00e9 necess\u00e1rio inscrever-se na lista de eleitores do pr\u00f3prio Consulado de refer\u00eancia, encaminhando <strong><u>o pedido de op\u00e7\u00e3o at\u00e9, no m\u00e1ximo, 4 de novembro de 2026<\/u>.<\/strong><\/p>\n<p>Para mais informa\u00e7\u00f5es e para baixar o modelo do pedido, <a href=\"https:\/\/consrecife.esteri.it\/pt\/news\/dal_consolato\/2026\/08\/elezioni-com-it-es-2026-modalidades-para-solicitar-a-inscricao-na-lista-eleitoral\/\"><strong>CLIQUE AQUI<\/strong><\/a>.<\/p>\n<p>O Comit\u00ea a ser eleito ser\u00e1 composto por 12 membros, de acordo com o n\u00famero de cidad\u00e3os italianos residentes na circunscri\u00e7\u00e3o consular. Com o referido Decreto \u00e9 tamb\u00e9m constitu\u00edda a Se\u00e7\u00e3o Eleitoral, respons\u00e1vel pelas opera\u00e7\u00f5es eleitorais.<\/p>\n","protected":false},"excerpt":{"rendered":"Por meio de Decreto Consular n\u00ba 9\/2026 da C\u00f4nsul da It\u00e1lia em Recife, de 3 de setembro de 2026, s\u00e3o convocadas as elei\u00e7\u00f5es para a institui\u00e7\u00e3o e renova\u00e7\u00e3o do Comit\u00ea dos Italianos no Exterior (COM.IT.ES) de Recife. A data das elei\u00e7\u00f5es \u00e9 fixada para 4 de dezembro de 2026. Essa data corresponde ao \u00faltimo dia [&hellip;]","protected":false},"author":12,"featured_media":5995,"comment_status":"closed","ping_status":"closed","sticky":false,"template":"","format":"standard","meta":{"footnotes":""},"tags":[],"class_list":["post-5999","post","type-post","status-publish","format-standard","has-post-thumbnail","hentry"],"_links":{"self":[{"href":"https:\/\/consrecife.esteri.it\/pt\/wp-json\/wp\/v2\/posts\/5999","targetHints":{"allow":["GET"]}}],"collection":[{"href":"https:\/\/consrecife.esteri.it\/pt\/wp-json\/wp\/v2\/posts"}],"about":[{"href":"https:\/\/consrecife.esteri.it\/pt\/wp-json\/wp\/v2\/types\/post"}],"author":[{"embeddable":true,"href":"https:\/\/consrecife.esteri.it\/pt\/wp-json\/wp\/v2\/users\/12"}],"replies":[{"embeddable":true,"href":"https:\/\/consrecife.esteri.it\/pt\/wp-json\/wp\/v2\/comments?post=5999"}],"version-history":[{"count":2,"href":"https:\/\/consrecife.esteri.it\/pt\/wp-json\/wp\/v2\/posts\/5999\/revisions"}],"predecessor-version":[{"id":6004,"href":"https:\/\/consrecife.esteri.it\/pt\/wp-json\/wp\/v2\/posts\/5999\/revisions\/6004"}],"wp:featuredmedia":[{"embeddable":true,"href":"https:\/\/consrecife.esteri.it\/pt\/wp-json\/wp\/v2\/media\/5995"}],"wp:attachment":[{"href":"https:\/\/consrecife.esteri.it\/pt\/wp-json\/wp\/v2\/media?parent=5999"}],"wp:term":[{"taxonomy":"post_tag","embeddable":true,"href":"https:\/\/consrecife.esteri.it\/pt\/wp-json\/wp\/v2\/tags?post=5999"}],"curies":[{"name":"wp","href":"https:\/\/api.w.org\/{rel}","templated":true}]}}